{"id":5903,"date":"2020-02-28T14:02:45","date_gmt":"2020-02-28T14:02:45","guid":{"rendered":"https:\/\/www.flegracollection.com\/halkidikideki-anitlar-ve-kiliseler\/"},"modified":"2020-02-28T15:03:49","modified_gmt":"2020-02-28T15:03:49","slug":"halkidikideki-anitlar-ve-kiliseler","status":"publish","type":"post","link":"https:\/\/www.flegracollection.com\/tr\/halkidikideki-anitlar-ve-kiliseler\/","title":{"rendered":"Halkidiki&#8217;deki an\u0131tlar ve kiliseler"},"content":{"rendered":"\t\t<div data-elementor-type=\"wp-post\" data-elementor-id=\"5903\" class=\"elementor elementor-5903 elementor-3542\">\n\t\t\t\t\t\t<section class=\"elementor-section elementor-top-section elementor-element elementor-element-15a5c979 elementor-section-boxed elementor-section-height-default elementor-section-height-default\" data-id=\"15a5c979\" data-element_type=\"section\" data-e-type=\"section\" data-settings=\"{&quot;jet_parallax_layout_list&quot;:[{&quot;jet_parallax_layout_image&quot;:{&quot;url&quot;:&quot;&quot;,&quot;id&quot;:&quot;&quot;,&quot;size&quot;:&quot;&quot;},&quot;_id&quot;:&quot;6180ba2&quot;,&quot;jet_parallax_layout_image_tablet&quot;:{&quot;url&quot;:&quot;&quot;,&quot;id&quot;:&quot;&quot;,&quot;size&quot;:&quot;&quot;},&quot;jet_parallax_layout_image_mobile&quot;:{&quot;url&quot;:&quot;&quot;,&quot;id&quot;:&quot;&quot;,&quot;size&quot;:&quot;&quot;},&quot;jet_parallax_layout_speed&quot;:{&quot;unit&quot;:&quot;%&quot;,&quot;size&quot;:50,&quot;sizes&quot;:[]},&quot;jet_parallax_layout_type&quot;:&quot;scroll&quot;,&quot;jet_parallax_layout_direction&quot;:&quot;1&quot;,&quot;jet_parallax_layout_fx_direction&quot;:null,&quot;jet_parallax_layout_z_index&quot;:&quot;&quot;,&quot;jet_parallax_layout_bg_x&quot;:50,&quot;jet_parallax_layout_bg_y&quot;:50,&quot;jet_parallax_layout_bg_size&quot;:&quot;auto&quot;,&quot;jet_parallax_layout_animation_prop&quot;:&quot;transform&quot;,&quot;jet_parallax_layout_on&quot;:[&quot;desktop&quot;,&quot;tablet&quot;],&quot;jet_parallax_layout_bg_x_tablet&quot;:&quot;&quot;,&quot;jet_parallax_layout_bg_x_mobile&quot;:&quot;&quot;,&quot;jet_parallax_layout_bg_y_tablet&quot;:&quot;&quot;,&quot;jet_parallax_layout_bg_y_mobile&quot;:&quot;&quot;,&quot;jet_parallax_layout_bg_size_tablet&quot;:&quot;&quot;,&quot;jet_parallax_layout_bg_size_mobile&quot;:&quot;&quot;}]}\">\n\t\t\t\t\t\t<div class=\"elementor-container elementor-column-gap-default\">\n\t\t\t\t\t<div class=\"elementor-column elementor-col-100 elementor-top-column elementor-element elementor-element-78f3a42d\" data-id=\"78f3a42d\" data-element_type=\"column\" data-e-type=\"column\">\n\t\t\t<div class=\"elementor-widget-wrap elementor-element-populated\">\n\t\t\t\t\t\t<div class=\"elementor-element elementor-element-b2604cf elementor-widget elementor-widget-text-editor\" data-id=\"b2604cf\" data-element_type=\"widget\" data-e-type=\"widget\" data-widget_type=\"text-editor.default\">\n\t\t\t\t<div class=\"elementor-widget-container\">\n\t\t\t\t\t\t\t\t\t<p>Halkidiki&#8217;de erken H\u0131ristiyan kiliselerinin kal\u0131nt\u0131lar\u0131 var. H\u0131ristiyanl\u0131k ilk olarak M.\u00d6. 50de, Havari Pavlus, Philippi&#8217;den Selanik&#8217;e giderken Apollonia&#8217;dan ge\u00e7ti\u011finde tan\u0131t\u0131ld\u0131. Ayr\u0131ca, I. Theodosius d\u00f6neminde, H\u0131ristiyanl\u0131k resmi devlet dini olarak ilan edildi ve Athos Da\u011f\u0131 manast\u0131r toplulu\u011funun kurulu\u015fundan sonra Halkidiki, Ortodoks hac\u0131lar i\u00e7in en \u00f6nemli dini merkez haline gelirken, Bizans d\u00f6neminde \u00e7ok say\u0131da manast\u0131r kuruldu. Athos yar\u0131madas\u0131 d\u0131\u015f\u0131ndaki manast\u0131rlar\u0131n \u00e7o\u011fu Athos Da\u011f\u0131 ke\u015fi\u015flerinin g\u00f6zetimindeydi.<\/p>\n<p>Nea Fokea k\u00f6y\u00fcnde, Halkidiki&#8217;deki t\u00fcm kulelerin belki de en iyi korunmu\u015f olan\u0131 duruyor. Aziz Paul Kulesi olarak da bilinen Nea Fokea&#8217;daki kule, N. Fokea\u2019n\u0131n liman\u0131n\u0131n sa\u011f taraf\u0131ndaki tepede hakim bir konuma sahiptir. Y\u00fcksekli\u011fi 17 metredir ve 1407 y\u0131l\u0131nda in\u015fa edilmi\u015f ve 1821&#8217;de k\u0131smen yang\u0131nla tahrip edilmi\u015f olan eski bir Bizans kalesidir. Amac\u0131, St Paul Manast\u0131r\u0131&#8217;n\u0131n &#8220;metochi&#8221; nde \u00e7al\u0131\u015fan \u00e7ift\u00e7ilerin korunmas\u0131yd\u0131. Kule ayn\u0131 zamanda Havari Pavlus&#8217;un kendisine zul\u00fcm edenlerden sakland\u0131\u011f\u0131 ve dahas\u0131 Yunan Ba\u011f\u0131ms\u0131zl\u0131k Sava\u015f\u0131 s\u0131ras\u0131nda Yunan devrimci Emmanouil Papas&#8217;\u0131n karargah\u0131 olan ma\u011farayd\u0131.<\/p>\n<p>Sani Kulesi olarak da bilinen Stavronikitas Kulesi, 1543 y\u0131l\u0131ndan kalmad\u0131r ve Stavronikita Manast\u0131r\u0131n\u0131n \u201cmetochi\u201d sini (ba\u011f\u0131ml\u0131l\u0131\u011f\u0131n\u0131) korumak i\u00e7in in\u015fa edilmi\u015ftir. Kule m\u00fckemmel bir onar\u0131m durumundad\u0131r; 8 metre y\u00fcksekli\u011finde, ancak arkeologlar bir \u00fcst kat\u0131n eksik oldu\u011funa ve orijinal kulenin \u00e7ok daha uzun oldu\u011funa inan\u0131yorlar. Kulenin, Roma \u0130mparatorlu\u011fu&#8217;na kadar geli\u015fen bir \u015fehir olan eski Sani Akropol\u00fc&#8217;nde in\u015fa edilmesi gerekti\u011fi varsay\u0131lmaktad\u0131r. Di\u011ferleri, kulenin ge\u00e7mi\u015fte yerel halk\u0131n korsanlar\u0131 izlemek i\u00e7in kulland\u0131\u011f\u0131 bir g\u00f6zlem noktas\u0131 olarak kullan\u0131ld\u0131\u011f\u0131na inan\u0131yor. Do\u011fal bir amfitiyatro olu\u015fturan al\u00e7ak bir tepenin \u00fczerinde yer alan Kule, \u00fcnl\u00fc Sani festivaline zemin haz\u0131rlamaktad\u0131r.<\/p>\n<p>En g\u00fczel \u015fapellerden biri, hikayesi ger\u00e7ekten ilgin\u00e7 olan N. Skioni&#8217;deki Panagia Faneromeni&#8217;dir. 16. y\u00fczy\u0131l\u0131n yerel gelene\u011fine g\u00f6re, k\u00f6yl\u00fclerden biri denizden gelen ve k\u0131y\u0131ya yakla\u015fan bir \u0131\u015f\u0131k g\u00f6rd\u00fc. Korsan olduklar\u0131n\u0131 d\u00fc\u015f\u00fcnd\u00fc, bu y\u00fczden k\u00f6yl\u00fclerini uyarmak i\u00e7in k\u00f6ye ko\u015ftu. Sabah, \u0131\u015f\u0131k k\u0131y\u0131ya ula\u015ft\u0131\u011f\u0131nda, deniz y\u00fczeyinde y\u00fczen \u00fcst\u00fcnde Meryem Ana&#8217;n\u0131n resmedildi\u011fi b\u00fcy\u00fck bir mermer par\u00e7as\u0131 oldu\u011funu g\u00f6rd\u00fcler. K\u00f6yl\u00fcler mucizeden etkilendiler ve b\u00f6lgenin T\u00fcrk Beyinden resmi bar\u0131nd\u0131rmak i\u00e7in bir \u015fapel in\u015fa etmelerine izin vermelerini istediler. Bey reddetti, resmi indirdi ve ezmeye ba\u015flad\u0131. G\u00f6r\u00fcnt\u00fc aniden kil gibi yumu\u015fad\u0131 ve Bey&#8217;in ayaklar\u0131n\u0131 hapsetti, ka\u00e7mas\u0131na izin vermedi. Bey, eylemlerinden pi\u015fman olduktan sonra k\u00f6yl\u00fclerden \u00f6z\u00fcr diledi ve sonunda bu \u015fapeli in\u015fa etme iznini verdi. G\u00fcn\u00fcm\u00fczde, muhte\u015fem konumu nedeniyle ortodoks d\u00fc\u011f\u00fcnleri i\u00e7in pop\u00fcler bir yer.<\/p>\n<p>H\u0131ristiyanl\u0131\u011f\u0131n hac\u0131lar\u0131n\u0131 \u00e7eken bir manast\u0131r, b\u00fcy\u00fck Pefkohori b\u00f6lgesinde bulunan Rus Saint John&#8217;dur. Manast\u0131r, Nea Skioni&#8217;ye giden yol \u00fczerinde, Kassandra, Halkidiki, Yunanistan&#8217;\u0131n da\u011fl\u0131k taraf\u0131ndad\u0131r. Orada, a\u011fa\u00e7larla dolu tenha bir alanda, sessizli\u011fin tad\u0131n\u0131 \u00e7\u0131karma, meditasyon yapma ve dindar atmosferin bir par\u00e7as\u0131 olma \u015fans\u0131na sahip olacaks\u0131n\u0131z. Din merakl\u0131lar\u0131 ve meditasyon severler, ke\u015fi\u015flerin hayat\u0131 ve manast\u0131r\u0131n tarihi hakk\u0131nda baz\u0131 \u015feyler \u00f6\u011freneceklerdir. Saint John Rus manast\u0131r\u0131nda, Saint John&#8217;un bedeninin bir k\u0131sm\u0131 tutulur. Aziz John&#8217;un bedeninin t\u00fcm kutsal kutsal kabartmas\u0131, Evia Yunanistan&#8217;\u0131n Prokopi&#8217;sinde Rus Saint John kilisesinde tutulur. Aziz John, 1960&#8217;larda bug\u00fcn\u00fcn Ukrayna b\u00f6lgesinde do\u011fdu ve ailesi H\u0131ristiyand\u0131. Rus-T\u00fcrk sava\u015f\u0131na kat\u0131ld\u0131 ve bir T\u00fcrk ordu subay\u0131na k\u00f6le olarak sat\u0131ld\u0131. Aziz, hayvanlarla birlikte T\u00fcrk&#8217;\u00fcn ah\u0131r\u0131nda ya\u015fad\u0131 ve yal\u0131nayak y\u00fcr\u00fcd\u00fc. Tanr\u0131&#8217;ya ibadet etti ve insanlara yard\u0131m etmek istedi. \u00d6l\u00fcm\u00fcnden sonra, v\u00fccudunun sa\u011flam ve bozulmaz oldu\u011fu tespit edildi. Rus Saint John&#8217;un ya\u015fam\u0131 boyunca ve \u00f6l\u00fcm\u00fcnden sonra bir\u00e7ok mucize ger\u00e7ekle\u015ftirdi\u011fine inan\u0131l\u0131yor.<\/p>\n<p>Kassandra ve Halkidiki b\u00f6lgesi, ke\u015ffedilecek \u00e7ok daha fazla kilise ve \u015fapel ile birlikte Bizans An\u0131tlar\u0131&#8217;na sahiptir. Flegra Collection&#8217;\u0131n \u00f6n b\u00fcro departmanlar\u0131nda, temsilcilerimiz size r\u00fcya gibi Halkidiki&#8217;nizi ke\u015ffetmek i\u00e7in ihtiyac\u0131n\u0131z olan bilgileri sa\u011flayacakt\u0131r.<\/p>\n\t\t\t\t\t\t\t\t<\/div>\n\t\t\t\t<\/div>\n\t\t\t\t\t<\/div>\n\t\t<\/div>\n\t\t\t\t\t<\/div>\n\t\t<\/section>\n\t\t\t\t<\/div>\n\t\t","protected":false},"excerpt":{"rendered":"<p>Halkidiki&#8217;de erken H\u0131ristiyan kiliselerinin kal\u0131nt\u0131lar\u0131 var. H\u0131ristiyanl\u0131k ilk olarak M.\u00d6. 50de, Havari Pavlus, Philippi&#8217;den Selanik&#8217;e giderken Apollonia&#8217;dan ge\u00e7ti\u011finde tan\u0131t\u0131ld\u0131. Ayr\u0131ca, I. Theodosius d\u00f6neminde, H\u0131ristiyanl\u0131k resmi devlet dini olarak ilan edildi ve Athos Da\u011f\u0131 manast\u0131r toplulu\u011funun kurulu\u015fundan sonra Halkidiki, Ortodoks hac\u0131lar i\u00e7in en \u00f6nemli dini merkez haline gelirken, Bizans d\u00f6neminde \u00e7ok say\u0131da manast\u0131r kuruldu. Athos yar\u0131madas\u0131 [&hellip;]<\/p>\n","protected":false},"author":2,"featured_media":5915,"comment_status":"open","ping_status":"closed","sticky":false,"template":"","format":"standard","meta":{"_acf_changed":false,"footnotes":""},"categories":[134],"tags":[],"class_list":["post-5903","post","type-post","status-publish","format-standard","has-post-thumbnail","hentry","category-halkidikinin-tarihi-ve-kulturu"],"acf":[],"yoast_head":"<!-- This site is optimized with the Yoast SEO plugin v27.5 - https:\/\/yoast.com\/product\/yoast-seo-wordpress\/ -->\n<title>Halkidiki&#039;deki an\u0131tlar ve kiliseler - Flegra Collection Hotels<\/title>\n<meta name=\"robots\" content=\"index, follow, max-snippet:-1, max-image-preview:large, max-video-preview:-1\" \/>\n<link rel=\"canonical\" href=\"https:\/\/www.flegracollection.com\/tr\/halkidikideki-anitlar-ve-kiliseler\/\" \/>\n<meta property=\"og:locale\" content=\"tr_TR\" \/>\n<meta property=\"og:type\" content=\"article\" \/>\n<meta property=\"og:title\" content=\"Halkidiki&#039;deki an\u0131tlar ve kiliseler - Flegra Collection Hotels\" \/>\n<meta property=\"og:description\" content=\"Halkidiki&#8217;de erken H\u0131ristiyan kiliselerinin kal\u0131nt\u0131lar\u0131 var. H\u0131ristiyanl\u0131k ilk olarak M.\u00d6. 50de, Havari Pavlus, Philippi&#8217;den Selanik&#8217;e giderken Apollonia&#8217;dan ge\u00e7ti\u011finde tan\u0131t\u0131ld\u0131. Ayr\u0131ca, I. Theodosius d\u00f6neminde, H\u0131ristiyanl\u0131k resmi devlet dini olarak ilan edildi ve Athos Da\u011f\u0131 manast\u0131r toplulu\u011funun kurulu\u015fundan sonra Halkidiki, Ortodoks hac\u0131lar i\u00e7in en \u00f6nemli dini merkez haline gelirken, Bizans d\u00f6neminde \u00e7ok say\u0131da manast\u0131r kuruldu. Athos yar\u0131madas\u0131 [&hellip;]\" \/>\n<meta property=\"og:url\" content=\"https:\/\/www.flegracollection.com\/tr\/halkidikideki-anitlar-ve-kiliseler\/\" \/>\n<meta property=\"og:site_name\" content=\"Flegra Collection Hotels\" \/>\n<meta property=\"article:published_time\" content=\"2020-02-28T14:02:45+00:00\" \/>\n<meta property=\"article:modified_time\" content=\"2020-02-28T15:03:49+00:00\" \/>\n<meta property=\"og:image\" content=\"https:\/\/www.flegracollection.com\/wp-content\/uploads\/2019\/08\/NeaSkioni_Panagia-Faneromeni-halkidiki.jpg\" \/>\n\t<meta property=\"og:image:width\" content=\"1070\" \/>\n\t<meta property=\"og:image:height\" content=\"802\" \/>\n\t<meta property=\"og:image:type\" content=\"image\/jpeg\" \/>\n<meta name=\"author\" content=\"foltopoulos\" \/>\n<meta name=\"twitter:card\" content=\"summary_large_image\" \/>\n<meta name=\"twitter:label1\" content=\"Yazan:\" \/>\n\t<meta name=\"twitter:data1\" content=\"foltopoulos\" \/>\n\t<meta name=\"twitter:label2\" content=\"Tahmini okuma s\u00fcresi\" \/>\n\t<meta name=\"twitter:data2\" content=\"4 dakika\" \/>\n<script type=\"application\/ld+json\" class=\"yoast-schema-graph\">{\"@context\":\"https:\\\/\\\/schema.org\",\"@graph\":[{\"@type\":\"Article\",\"@id\":\"https:\\\/\\\/www.flegracollection.com\\\/tr\\\/halkidikideki-anitlar-ve-kiliseler\\\/#article\",\"isPartOf\":{\"@id\":\"https:\\\/\\\/www.flegracollection.com\\\/tr\\\/halkidikideki-anitlar-ve-kiliseler\\\/\"},\"author\":{\"name\":\"foltopoulos\",\"@id\":\"https:\\\/\\\/www.flegracollection.com\\\/#\\\/schema\\\/person\\\/0d4675176a6d72a9be2c985f25d73cd2\"},\"headline\":\"Halkidiki&#8217;deki an\u0131tlar ve kiliseler\",\"datePublished\":\"2020-02-28T14:02:45+00:00\",\"dateModified\":\"2020-02-28T15:03:49+00:00\",\"mainEntityOfPage\":{\"@id\":\"https:\\\/\\\/www.flegracollection.com\\\/tr\\\/halkidikideki-anitlar-ve-kiliseler\\\/\"},\"wordCount\":788,\"commentCount\":0,\"image\":{\"@id\":\"https:\\\/\\\/www.flegracollection.com\\\/tr\\\/halkidikideki-anitlar-ve-kiliseler\\\/#primaryimage\"},\"thumbnailUrl\":\"https:\\\/\\\/www.flegracollection.com\\\/wp-content\\\/uploads\\\/2019\\\/08\\\/NeaSkioni_Panagia-Faneromeni-halkidiki.jpg\",\"articleSection\":[\"History &amp; Culture of Halkidiki\"],\"inLanguage\":\"tr\"},{\"@type\":\"WebPage\",\"@id\":\"https:\\\/\\\/www.flegracollection.com\\\/tr\\\/halkidikideki-anitlar-ve-kiliseler\\\/\",\"url\":\"https:\\\/\\\/www.flegracollection.com\\\/tr\\\/halkidikideki-anitlar-ve-kiliseler\\\/\",\"name\":\"Halkidiki'deki an\u0131tlar ve kiliseler - Flegra Collection Hotels\",\"isPartOf\":{\"@id\":\"https:\\\/\\\/www.flegracollection.com\\\/#website\"},\"primaryImageOfPage\":{\"@id\":\"https:\\\/\\\/www.flegracollection.com\\\/tr\\\/halkidikideki-anitlar-ve-kiliseler\\\/#primaryimage\"},\"image\":{\"@id\":\"https:\\\/\\\/www.flegracollection.com\\\/tr\\\/halkidikideki-anitlar-ve-kiliseler\\\/#primaryimage\"},\"thumbnailUrl\":\"https:\\\/\\\/www.flegracollection.com\\\/wp-content\\\/uploads\\\/2019\\\/08\\\/NeaSkioni_Panagia-Faneromeni-halkidiki.jpg\",\"datePublished\":\"2020-02-28T14:02:45+00:00\",\"dateModified\":\"2020-02-28T15:03:49+00:00\",\"author\":{\"@id\":\"https:\\\/\\\/www.flegracollection.com\\\/#\\\/schema\\\/person\\\/0d4675176a6d72a9be2c985f25d73cd2\"},\"breadcrumb\":{\"@id\":\"https:\\\/\\\/www.flegracollection.com\\\/tr\\\/halkidikideki-anitlar-ve-kiliseler\\\/#breadcrumb\"},\"inLanguage\":\"tr\",\"potentialAction\":[{\"@type\":\"ReadAction\",\"target\":[\"https:\\\/\\\/www.flegracollection.com\\\/tr\\\/halkidikideki-anitlar-ve-kiliseler\\\/\"]}]},{\"@type\":\"ImageObject\",\"inLanguage\":\"tr\",\"@id\":\"https:\\\/\\\/www.flegracollection.com\\\/tr\\\/halkidikideki-anitlar-ve-kiliseler\\\/#primaryimage\",\"url\":\"https:\\\/\\\/www.flegracollection.com\\\/wp-content\\\/uploads\\\/2019\\\/08\\\/NeaSkioni_Panagia-Faneromeni-halkidiki.jpg\",\"contentUrl\":\"https:\\\/\\\/www.flegracollection.com\\\/wp-content\\\/uploads\\\/2019\\\/08\\\/NeaSkioni_Panagia-Faneromeni-halkidiki.jpg\",\"width\":1070,\"height\":802,\"caption\":\"cof\"},{\"@type\":\"BreadcrumbList\",\"@id\":\"https:\\\/\\\/www.flegracollection.com\\\/tr\\\/halkidikideki-anitlar-ve-kiliseler\\\/#breadcrumb\",\"itemListElement\":[{\"@type\":\"ListItem\",\"position\":1,\"name\":\"Home\",\"item\":\"https:\\\/\\\/www.flegracollection.com\\\/\"},{\"@type\":\"ListItem\",\"position\":2,\"name\":\"Halkidiki&#8217;deki an\u0131tlar ve kiliseler\"}]},{\"@type\":\"WebSite\",\"@id\":\"https:\\\/\\\/www.flegracollection.com\\\/#website\",\"url\":\"https:\\\/\\\/www.flegracollection.com\\\/\",\"name\":\"Flegra Collection Hotels\",\"description\":\"35 Years of Hospitality Hotels in Halkidiki\",\"potentialAction\":[{\"@type\":\"SearchAction\",\"target\":{\"@type\":\"EntryPoint\",\"urlTemplate\":\"https:\\\/\\\/www.flegracollection.com\\\/?s={search_term_string}\"},\"query-input\":{\"@type\":\"PropertyValueSpecification\",\"valueRequired\":true,\"valueName\":\"search_term_string\"}}],\"inLanguage\":\"tr\"},{\"@type\":\"Person\",\"@id\":\"https:\\\/\\\/www.flegracollection.com\\\/#\\\/schema\\\/person\\\/0d4675176a6d72a9be2c985f25d73cd2\",\"name\":\"foltopoulos\",\"image\":{\"@type\":\"ImageObject\",\"inLanguage\":\"tr\",\"@id\":\"https:\\\/\\\/secure.gravatar.com\\\/avatar\\\/6b6b3aa3392239927e250ccd3787f5a23b5fe531404706ea18a988a461460e36?s=96&d=mm&r=g\",\"url\":\"https:\\\/\\\/secure.gravatar.com\\\/avatar\\\/6b6b3aa3392239927e250ccd3787f5a23b5fe531404706ea18a988a461460e36?s=96&d=mm&r=g\",\"contentUrl\":\"https:\\\/\\\/secure.gravatar.com\\\/avatar\\\/6b6b3aa3392239927e250ccd3787f5a23b5fe531404706ea18a988a461460e36?s=96&d=mm&r=g\",\"caption\":\"foltopoulos\"},\"url\":\"https:\\\/\\\/www.flegracollection.com\\\/tr\\\/author\\\/foltopoulos\\\/\"}]}<\/script>\n<!-- \/ Yoast SEO plugin. -->","yoast_head_json":{"title":"Halkidiki'deki an\u0131tlar ve kiliseler - Flegra Collection Hotels","robots":{"index":"index","follow":"follow","max-snippet":"max-snippet:-1","max-image-preview":"max-image-preview:large","max-video-preview":"max-video-preview:-1"},"canonical":"https:\/\/www.flegracollection.com\/tr\/halkidikideki-anitlar-ve-kiliseler\/","og_locale":"tr_TR","og_type":"article","og_title":"Halkidiki'deki an\u0131tlar ve kiliseler - Flegra Collection Hotels","og_description":"Halkidiki&#8217;de erken H\u0131ristiyan kiliselerinin kal\u0131nt\u0131lar\u0131 var. H\u0131ristiyanl\u0131k ilk olarak M.\u00d6. 50de, Havari Pavlus, Philippi&#8217;den Selanik&#8217;e giderken Apollonia&#8217;dan ge\u00e7ti\u011finde tan\u0131t\u0131ld\u0131. Ayr\u0131ca, I. Theodosius d\u00f6neminde, H\u0131ristiyanl\u0131k resmi devlet dini olarak ilan edildi ve Athos Da\u011f\u0131 manast\u0131r toplulu\u011funun kurulu\u015fundan sonra Halkidiki, Ortodoks hac\u0131lar i\u00e7in en \u00f6nemli dini merkez haline gelirken, Bizans d\u00f6neminde \u00e7ok say\u0131da manast\u0131r kuruldu. Athos yar\u0131madas\u0131 [&hellip;]","og_url":"https:\/\/www.flegracollection.com\/tr\/halkidikideki-anitlar-ve-kiliseler\/","og_site_name":"Flegra Collection Hotels","article_published_time":"2020-02-28T14:02:45+00:00","article_modified_time":"2020-02-28T15:03:49+00:00","og_image":[{"width":1070,"height":802,"url":"https:\/\/www.flegracollection.com\/wp-content\/uploads\/2019\/08\/NeaSkioni_Panagia-Faneromeni-halkidiki.jpg","type":"image\/jpeg"}],"author":"foltopoulos","twitter_card":"summary_large_image","twitter_misc":{"Yazan:":"foltopoulos","Tahmini okuma s\u00fcresi":"4 dakika"},"schema":{"@context":"https:\/\/schema.org","@graph":[{"@type":"Article","@id":"https:\/\/www.flegracollection.com\/tr\/halkidikideki-anitlar-ve-kiliseler\/#article","isPartOf":{"@id":"https:\/\/www.flegracollection.com\/tr\/halkidikideki-anitlar-ve-kiliseler\/"},"author":{"name":"foltopoulos","@id":"https:\/\/www.flegracollection.com\/#\/schema\/person\/0d4675176a6d72a9be2c985f25d73cd2"},"headline":"Halkidiki&#8217;deki an\u0131tlar ve kiliseler","datePublished":"2020-02-28T14:02:45+00:00","dateModified":"2020-02-28T15:03:49+00:00","mainEntityOfPage":{"@id":"https:\/\/www.flegracollection.com\/tr\/halkidikideki-anitlar-ve-kiliseler\/"},"wordCount":788,"commentCount":0,"image":{"@id":"https:\/\/www.flegracollection.com\/tr\/halkidikideki-anitlar-ve-kiliseler\/#primaryimage"},"thumbnailUrl":"https:\/\/www.flegracollection.com\/wp-content\/uploads\/2019\/08\/NeaSkioni_Panagia-Faneromeni-halkidiki.jpg","articleSection":["History &amp; Culture of Halkidiki"],"inLanguage":"tr"},{"@type":"WebPage","@id":"https:\/\/www.flegracollection.com\/tr\/halkidikideki-anitlar-ve-kiliseler\/","url":"https:\/\/www.flegracollection.com\/tr\/halkidikideki-anitlar-ve-kiliseler\/","name":"Halkidiki'deki an\u0131tlar ve kiliseler - Flegra Collection Hotels","isPartOf":{"@id":"https:\/\/www.flegracollection.com\/#website"},"primaryImageOfPage":{"@id":"https:\/\/www.flegracollection.com\/tr\/halkidikideki-anitlar-ve-kiliseler\/#primaryimage"},"image":{"@id":"https:\/\/www.flegracollection.com\/tr\/halkidikideki-anitlar-ve-kiliseler\/#primaryimage"},"thumbnailUrl":"https:\/\/www.flegracollection.com\/wp-content\/uploads\/2019\/08\/NeaSkioni_Panagia-Faneromeni-halkidiki.jpg","datePublished":"2020-02-28T14:02:45+00:00","dateModified":"2020-02-28T15:03:49+00:00","author":{"@id":"https:\/\/www.flegracollection.com\/#\/schema\/person\/0d4675176a6d72a9be2c985f25d73cd2"},"breadcrumb":{"@id":"https:\/\/www.flegracollection.com\/tr\/halkidikideki-anitlar-ve-kiliseler\/#breadcrumb"},"inLanguage":"tr","potentialAction":[{"@type":"ReadAction","target":["https:\/\/www.flegracollection.com\/tr\/halkidikideki-anitlar-ve-kiliseler\/"]}]},{"@type":"ImageObject","inLanguage":"tr","@id":"https:\/\/www.flegracollection.com\/tr\/halkidikideki-anitlar-ve-kiliseler\/#primaryimage","url":"https:\/\/www.flegracollection.com\/wp-content\/uploads\/2019\/08\/NeaSkioni_Panagia-Faneromeni-halkidiki.jpg","contentUrl":"https:\/\/www.flegracollection.com\/wp-content\/uploads\/2019\/08\/NeaSkioni_Panagia-Faneromeni-halkidiki.jpg","width":1070,"height":802,"caption":"cof"},{"@type":"BreadcrumbList","@id":"https:\/\/www.flegracollection.com\/tr\/halkidikideki-anitlar-ve-kiliseler\/#breadcrumb","itemListElement":[{"@type":"ListItem","position":1,"name":"Home","item":"https:\/\/www.flegracollection.com\/"},{"@type":"ListItem","position":2,"name":"Halkidiki&#8217;deki an\u0131tlar ve kiliseler"}]},{"@type":"WebSite","@id":"https:\/\/www.flegracollection.com\/#website","url":"https:\/\/www.flegracollection.com\/","name":"Flegra Collection Hotels","description":"35 Years of Hospitality Hotels in Halkidiki","potentialAction":[{"@type":"SearchAction","target":{"@type":"EntryPoint","urlTemplate":"https:\/\/www.flegracollection.com\/?s={search_term_string}"},"query-input":{"@type":"PropertyValueSpecification","valueRequired":true,"valueName":"search_term_string"}}],"inLanguage":"tr"},{"@type":"Person","@id":"https:\/\/www.flegracollection.com\/#\/schema\/person\/0d4675176a6d72a9be2c985f25d73cd2","name":"foltopoulos","image":{"@type":"ImageObject","inLanguage":"tr","@id":"https:\/\/secure.gravatar.com\/avatar\/6b6b3aa3392239927e250ccd3787f5a23b5fe531404706ea18a988a461460e36?s=96&d=mm&r=g","url":"https:\/\/secure.gravatar.com\/avatar\/6b6b3aa3392239927e250ccd3787f5a23b5fe531404706ea18a988a461460e36?s=96&d=mm&r=g","contentUrl":"https:\/\/secure.gravatar.com\/avatar\/6b6b3aa3392239927e250ccd3787f5a23b5fe531404706ea18a988a461460e36?s=96&d=mm&r=g","caption":"foltopoulos"},"url":"https:\/\/www.flegracollection.com\/tr\/author\/foltopoulos\/"}]}},"_links":{"self":[{"href":"https:\/\/www.flegracollection.com\/tr\/wp-json\/wp\/v2\/posts\/5903","targetHints":{"allow":["GET"]}}],"collection":[{"href":"https:\/\/www.flegracollection.com\/tr\/wp-json\/wp\/v2\/posts"}],"about":[{"href":"https:\/\/www.flegracollection.com\/tr\/wp-json\/wp\/v2\/types\/post"}],"author":[{"embeddable":true,"href":"https:\/\/www.flegracollection.com\/tr\/wp-json\/wp\/v2\/users\/2"}],"replies":[{"embeddable":true,"href":"https:\/\/www.flegracollection.com\/tr\/wp-json\/wp\/v2\/comments?post=5903"}],"version-history":[{"count":0,"href":"https:\/\/www.flegracollection.com\/tr\/wp-json\/wp\/v2\/posts\/5903\/revisions"}],"wp:featuredmedia":[{"embeddable":true,"href":"https:\/\/www.flegracollection.com\/tr\/wp-json\/wp\/v2\/media\/5915"}],"wp:attachment":[{"href":"https:\/\/www.flegracollection.com\/tr\/wp-json\/wp\/v2\/media?parent=5903"}],"wp:term":[{"taxonomy":"category","embeddable":true,"href":"https:\/\/www.flegracollection.com\/tr\/wp-json\/wp\/v2\/categories?post=5903"},{"taxonomy":"post_tag","embeddable":true,"href":"https:\/\/www.flegracollection.com\/tr\/wp-json\/wp\/v2\/tags?post=5903"}],"curies":[{"name":"wp","href":"https:\/\/api.w.org\/{rel}","templated":true}]}}