{"id":6936,"date":"2020-02-29T09:55:05","date_gmt":"2020-02-29T09:55:05","guid":{"rendered":"https:\/\/www.flegracollection.com\/salonicco-la-capitale-della-macedonia\/"},"modified":"2020-02-29T09:55:06","modified_gmt":"2020-02-29T09:55:06","slug":"salonicco-la-capitale-della-macedonia","status":"publish","type":"post","link":"https:\/\/www.flegracollection.com\/it\/salonicco-la-capitale-della-macedonia\/","title":{"rendered":"Salonicco, la capitale della Macedonia"},"content":{"rendered":"\t\t<div data-elementor-type=\"wp-post\" data-elementor-id=\"6936\" class=\"elementor elementor-6936 elementor-3250\">\n\t\t\t\t\t\t<section class=\"elementor-section elementor-top-section elementor-element elementor-element-15a5c979 elementor-section-boxed elementor-section-height-default elementor-section-height-default\" data-id=\"15a5c979\" data-element_type=\"section\" data-e-type=\"section\" data-settings=\"{&quot;jet_parallax_layout_list&quot;:[{&quot;jet_parallax_layout_image&quot;:{&quot;url&quot;:&quot;&quot;,&quot;id&quot;:&quot;&quot;,&quot;size&quot;:&quot;&quot;},&quot;_id&quot;:&quot;6180ba2&quot;,&quot;jet_parallax_layout_image_tablet&quot;:{&quot;url&quot;:&quot;&quot;,&quot;id&quot;:&quot;&quot;,&quot;size&quot;:&quot;&quot;},&quot;jet_parallax_layout_image_mobile&quot;:{&quot;url&quot;:&quot;&quot;,&quot;id&quot;:&quot;&quot;,&quot;size&quot;:&quot;&quot;},&quot;jet_parallax_layout_speed&quot;:{&quot;unit&quot;:&quot;%&quot;,&quot;size&quot;:50,&quot;sizes&quot;:[]},&quot;jet_parallax_layout_type&quot;:&quot;scroll&quot;,&quot;jet_parallax_layout_direction&quot;:&quot;1&quot;,&quot;jet_parallax_layout_fx_direction&quot;:null,&quot;jet_parallax_layout_z_index&quot;:&quot;&quot;,&quot;jet_parallax_layout_bg_x&quot;:50,&quot;jet_parallax_layout_bg_y&quot;:50,&quot;jet_parallax_layout_bg_size&quot;:&quot;auto&quot;,&quot;jet_parallax_layout_animation_prop&quot;:&quot;transform&quot;,&quot;jet_parallax_layout_on&quot;:[&quot;desktop&quot;,&quot;tablet&quot;],&quot;jet_parallax_layout_bg_x_tablet&quot;:&quot;&quot;,&quot;jet_parallax_layout_bg_x_mobile&quot;:&quot;&quot;,&quot;jet_parallax_layout_bg_y_tablet&quot;:&quot;&quot;,&quot;jet_parallax_layout_bg_y_mobile&quot;:&quot;&quot;,&quot;jet_parallax_layout_bg_size_tablet&quot;:&quot;&quot;,&quot;jet_parallax_layout_bg_size_mobile&quot;:&quot;&quot;}]}\">\n\t\t\t\t\t\t<div class=\"elementor-container elementor-column-gap-default\">\n\t\t\t\t\t<div class=\"elementor-column elementor-col-100 elementor-top-column elementor-element elementor-element-78f3a42d\" data-id=\"78f3a42d\" data-element_type=\"column\" data-e-type=\"column\">\n\t\t\t<div class=\"elementor-widget-wrap elementor-element-populated\">\n\t\t\t\t\t\t<div class=\"elementor-element elementor-element-b2604cf elementor-widget elementor-widget-text-editor\" data-id=\"b2604cf\" data-element_type=\"widget\" data-e-type=\"widget\" data-widget_type=\"text-editor.default\">\n\t\t\t\t<div class=\"elementor-widget-container\">\n\t\t\t\t\t\t\t\t\t<p>Salonicco \u00e8 la seconda citt\u00e0 pi\u00f9 grande della Grecia e la capitale della Macedonia, situata a soli 100 km dal nostro Flegra Palace Hotel. Salonicco \u00e8 il secondo maggiore centro economico, industriale, commerciale e politico della Grecia e un importante snodo di trasporti per il resto dell&#8217;Europa sud-orientale. La citt\u00e0 \u00e8 rinomata per i suoi festival, eventi e la vivace vita culturale in generale, ed \u00e8 considerata la capitale culturale della Grecia. Eventi come il Salonicco International Film Festival si svolgono ogni anno. Salonicco \u00e8 stata la capitale europea della giovent\u00f9 2014. Tra i luoghi pi\u00f9 interessanti della citt\u00e0, puoi visitare la Torre Bianca, i Castelli, il Museo Archeologico e la chiesa di San Demetrio, mentre puoi anche goderti il \u200b\u200bricco mercato. <\/p>\n<p>Informazioni aggiuntive: <a href=\"http:\/\/www.thessaloniki.gr\" target=\"_blank\" rel=\"noopener\">here<\/a><\/p>\n\t\t\t\t\t\t\t\t<\/div>\n\t\t\t\t<\/div>\n\t\t\t\t\t<\/div>\n\t\t<\/div>\n\t\t\t\t\t<\/div>\n\t\t<\/section>\n\t\t\t\t<\/div>\n\t\t","protected":false},"excerpt":{"rendered":"<p>Salonicco \u00e8 la seconda citt\u00e0 pi\u00f9 grande della Grecia e la capitale della Macedonia, situata a soli 100 km dal nostro Flegra Palace Hotel. Salonicco \u00e8 il secondo maggiore centro economico, industriale, commerciale e politico della Grecia e un importante snodo di trasporti per il resto dell&#8217;Europa sud-orientale. La citt\u00e0 \u00e8 rinomata per i suoi [&hellip;]<\/p>\n","protected":false},"author":2,"featured_media":6945,"comment_status":"open","ping_status":"closed","sticky":false,"template":"","format":"standard","meta":{"_acf_changed":false,"footnotes":""},"categories":[146],"tags":[],"class_list":["post-6936","post","type-post","status-publish","format-standard","has-post-thumbnail","hentry","category-storia-e-cultura-di-calcidica"],"acf":[],"yoast_head":"<!-- This site is optimized with the Yoast SEO plugin v27.4 - https:\/\/yoast.com\/product\/yoast-seo-wordpress\/ -->\n<title>Salonicco, la capitale della Macedonia - Flegra Collection Hotels<\/title>\n<meta name=\"robots\" content=\"index, follow, max-snippet:-1, max-image-preview:large, max-video-preview:-1\" \/>\n<link rel=\"canonical\" href=\"https:\/\/www.flegracollection.com\/it\/salonicco-la-capitale-della-macedonia\/\" \/>\n<meta property=\"og:locale\" content=\"it_IT\" \/>\n<meta property=\"og:type\" content=\"article\" \/>\n<meta property=\"og:title\" content=\"Salonicco, la capitale della Macedonia - Flegra Collection Hotels\" \/>\n<meta property=\"og:description\" content=\"Salonicco \u00e8 la seconda citt\u00e0 pi\u00f9 grande della Grecia e la capitale della Macedonia, situata a soli 100 km dal nostro Flegra Palace Hotel. Salonicco \u00e8 il secondo maggiore centro economico, industriale, commerciale e politico della Grecia e un importante snodo di trasporti per il resto dell&#8217;Europa sud-orientale. La citt\u00e0 \u00e8 rinomata per i suoi [&hellip;]\" \/>\n<meta property=\"og:url\" content=\"https:\/\/www.flegracollection.com\/it\/salonicco-la-capitale-della-macedonia\/\" \/>\n<meta property=\"og:site_name\" content=\"Flegra Collection Hotels\" \/>\n<meta property=\"article:published_time\" content=\"2020-02-29T09:55:05+00:00\" \/>\n<meta property=\"article:modified_time\" content=\"2020-02-29T09:55:06+00:00\" \/>\n<meta property=\"og:image\" content=\"https:\/\/www.flegracollection.com\/wp-content\/uploads\/2019\/08\/thessaloniki-white-tower.jpg\" \/>\n\t<meta property=\"og:image:width\" content=\"1000\" \/>\n\t<meta property=\"og:image:height\" content=\"601\" \/>\n\t<meta property=\"og:image:type\" content=\"image\/jpeg\" \/>\n<meta name=\"author\" content=\"foltopoulos\" \/>\n<meta name=\"twitter:card\" content=\"summary_large_image\" \/>\n<meta name=\"twitter:label1\" content=\"Scritto da\" \/>\n\t<meta name=\"twitter:data1\" content=\"foltopoulos\" \/>\n\t<meta name=\"twitter:label2\" content=\"Tempo di lettura stimato\" \/>\n\t<meta name=\"twitter:data2\" content=\"1 minuto\" \/>\n<script type=\"application\/ld+json\" class=\"yoast-schema-graph\">{\"@context\":\"https:\\\/\\\/schema.org\",\"@graph\":[{\"@type\":\"Article\",\"@id\":\"https:\\\/\\\/www.flegracollection.com\\\/it\\\/salonicco-la-capitale-della-macedonia\\\/#article\",\"isPartOf\":{\"@id\":\"https:\\\/\\\/www.flegracollection.com\\\/it\\\/salonicco-la-capitale-della-macedonia\\\/\"},\"author\":{\"name\":\"foltopoulos\",\"@id\":\"https:\\\/\\\/www.flegracollection.com\\\/#\\\/schema\\\/person\\\/0d4675176a6d72a9be2c985f25d73cd2\"},\"headline\":\"Salonicco, la capitale della Macedonia\",\"datePublished\":\"2020-02-29T09:55:05+00:00\",\"dateModified\":\"2020-02-29T09:55:06+00:00\",\"mainEntityOfPage\":{\"@id\":\"https:\\\/\\\/www.flegracollection.com\\\/it\\\/salonicco-la-capitale-della-macedonia\\\/\"},\"wordCount\":124,\"commentCount\":0,\"image\":{\"@id\":\"https:\\\/\\\/www.flegracollection.com\\\/it\\\/salonicco-la-capitale-della-macedonia\\\/#primaryimage\"},\"thumbnailUrl\":\"https:\\\/\\\/www.flegracollection.com\\\/wp-content\\\/uploads\\\/2019\\\/08\\\/thessaloniki-white-tower.jpg\",\"articleSection\":[\"Storia e cultura di Calcidica\"],\"inLanguage\":\"it-IT\"},{\"@type\":\"WebPage\",\"@id\":\"https:\\\/\\\/www.flegracollection.com\\\/it\\\/salonicco-la-capitale-della-macedonia\\\/\",\"url\":\"https:\\\/\\\/www.flegracollection.com\\\/it\\\/salonicco-la-capitale-della-macedonia\\\/\",\"name\":\"Salonicco, la capitale della Macedonia - Flegra Collection Hotels\",\"isPartOf\":{\"@id\":\"https:\\\/\\\/www.flegracollection.com\\\/#website\"},\"primaryImageOfPage\":{\"@id\":\"https:\\\/\\\/www.flegracollection.com\\\/it\\\/salonicco-la-capitale-della-macedonia\\\/#primaryimage\"},\"image\":{\"@id\":\"https:\\\/\\\/www.flegracollection.com\\\/it\\\/salonicco-la-capitale-della-macedonia\\\/#primaryimage\"},\"thumbnailUrl\":\"https:\\\/\\\/www.flegracollection.com\\\/wp-content\\\/uploads\\\/2019\\\/08\\\/thessaloniki-white-tower.jpg\",\"datePublished\":\"2020-02-29T09:55:05+00:00\",\"dateModified\":\"2020-02-29T09:55:06+00:00\",\"author\":{\"@id\":\"https:\\\/\\\/www.flegracollection.com\\\/#\\\/schema\\\/person\\\/0d4675176a6d72a9be2c985f25d73cd2\"},\"breadcrumb\":{\"@id\":\"https:\\\/\\\/www.flegracollection.com\\\/it\\\/salonicco-la-capitale-della-macedonia\\\/#breadcrumb\"},\"inLanguage\":\"it-IT\",\"potentialAction\":[{\"@type\":\"ReadAction\",\"target\":[\"https:\\\/\\\/www.flegracollection.com\\\/it\\\/salonicco-la-capitale-della-macedonia\\\/\"]}]},{\"@type\":\"ImageObject\",\"inLanguage\":\"it-IT\",\"@id\":\"https:\\\/\\\/www.flegracollection.com\\\/it\\\/salonicco-la-capitale-della-macedonia\\\/#primaryimage\",\"url\":\"https:\\\/\\\/www.flegracollection.com\\\/wp-content\\\/uploads\\\/2019\\\/08\\\/thessaloniki-white-tower.jpg\",\"contentUrl\":\"https:\\\/\\\/www.flegracollection.com\\\/wp-content\\\/uploads\\\/2019\\\/08\\\/thessaloniki-white-tower.jpg\",\"width\":1000,\"height\":601},{\"@type\":\"BreadcrumbList\",\"@id\":\"https:\\\/\\\/www.flegracollection.com\\\/it\\\/salonicco-la-capitale-della-macedonia\\\/#breadcrumb\",\"itemListElement\":[{\"@type\":\"ListItem\",\"position\":1,\"name\":\"Home\",\"item\":\"https:\\\/\\\/www.flegracollection.com\\\/\"},{\"@type\":\"ListItem\",\"position\":2,\"name\":\"Salonicco, la capitale della Macedonia\"}]},{\"@type\":\"WebSite\",\"@id\":\"https:\\\/\\\/www.flegracollection.com\\\/#website\",\"url\":\"https:\\\/\\\/www.flegracollection.com\\\/\",\"name\":\"Flegra Collection Hotels\",\"description\":\"35 Years of Hospitality Hotels in Halkidiki\",\"potentialAction\":[{\"@type\":\"SearchAction\",\"target\":{\"@type\":\"EntryPoint\",\"urlTemplate\":\"https:\\\/\\\/www.flegracollection.com\\\/?s={search_term_string}\"},\"query-input\":{\"@type\":\"PropertyValueSpecification\",\"valueRequired\":true,\"valueName\":\"search_term_string\"}}],\"inLanguage\":\"it-IT\"},{\"@type\":\"Person\",\"@id\":\"https:\\\/\\\/www.flegracollection.com\\\/#\\\/schema\\\/person\\\/0d4675176a6d72a9be2c985f25d73cd2\",\"name\":\"foltopoulos\",\"image\":{\"@type\":\"ImageObject\",\"inLanguage\":\"it-IT\",\"@id\":\"https:\\\/\\\/secure.gravatar.com\\\/avatar\\\/6b6b3aa3392239927e250ccd3787f5a23b5fe531404706ea18a988a461460e36?s=96&d=mm&r=g\",\"url\":\"https:\\\/\\\/secure.gravatar.com\\\/avatar\\\/6b6b3aa3392239927e250ccd3787f5a23b5fe531404706ea18a988a461460e36?s=96&d=mm&r=g\",\"contentUrl\":\"https:\\\/\\\/secure.gravatar.com\\\/avatar\\\/6b6b3aa3392239927e250ccd3787f5a23b5fe531404706ea18a988a461460e36?s=96&d=mm&r=g\",\"caption\":\"foltopoulos\"},\"url\":\"https:\\\/\\\/www.flegracollection.com\\\/it\\\/author\\\/foltopoulos\\\/\"}]}<\/script>\n<!-- \/ Yoast SEO plugin. -->","yoast_head_json":{"title":"Salonicco, la capitale della Macedonia - Flegra Collection Hotels","robots":{"index":"index","follow":"follow","max-snippet":"max-snippet:-1","max-image-preview":"max-image-preview:large","max-video-preview":"max-video-preview:-1"},"canonical":"https:\/\/www.flegracollection.com\/it\/salonicco-la-capitale-della-macedonia\/","og_locale":"it_IT","og_type":"article","og_title":"Salonicco, la capitale della Macedonia - Flegra Collection Hotels","og_description":"Salonicco \u00e8 la seconda citt\u00e0 pi\u00f9 grande della Grecia e la capitale della Macedonia, situata a soli 100 km dal nostro Flegra Palace Hotel. Salonicco \u00e8 il secondo maggiore centro economico, industriale, commerciale e politico della Grecia e un importante snodo di trasporti per il resto dell&#8217;Europa sud-orientale. La citt\u00e0 \u00e8 rinomata per i suoi [&hellip;]","og_url":"https:\/\/www.flegracollection.com\/it\/salonicco-la-capitale-della-macedonia\/","og_site_name":"Flegra Collection Hotels","article_published_time":"2020-02-29T09:55:05+00:00","article_modified_time":"2020-02-29T09:55:06+00:00","og_image":[{"width":1000,"height":601,"url":"https:\/\/www.flegracollection.com\/wp-content\/uploads\/2019\/08\/thessaloniki-white-tower.jpg","type":"image\/jpeg"}],"author":"foltopoulos","twitter_card":"summary_large_image","twitter_misc":{"Scritto da":"foltopoulos","Tempo di lettura stimato":"1 minuto"},"schema":{"@context":"https:\/\/schema.org","@graph":[{"@type":"Article","@id":"https:\/\/www.flegracollection.com\/it\/salonicco-la-capitale-della-macedonia\/#article","isPartOf":{"@id":"https:\/\/www.flegracollection.com\/it\/salonicco-la-capitale-della-macedonia\/"},"author":{"name":"foltopoulos","@id":"https:\/\/www.flegracollection.com\/#\/schema\/person\/0d4675176a6d72a9be2c985f25d73cd2"},"headline":"Salonicco, la capitale della Macedonia","datePublished":"2020-02-29T09:55:05+00:00","dateModified":"2020-02-29T09:55:06+00:00","mainEntityOfPage":{"@id":"https:\/\/www.flegracollection.com\/it\/salonicco-la-capitale-della-macedonia\/"},"wordCount":124,"commentCount":0,"image":{"@id":"https:\/\/www.flegracollection.com\/it\/salonicco-la-capitale-della-macedonia\/#primaryimage"},"thumbnailUrl":"https:\/\/www.flegracollection.com\/wp-content\/uploads\/2019\/08\/thessaloniki-white-tower.jpg","articleSection":["Storia e cultura di Calcidica"],"inLanguage":"it-IT"},{"@type":"WebPage","@id":"https:\/\/www.flegracollection.com\/it\/salonicco-la-capitale-della-macedonia\/","url":"https:\/\/www.flegracollection.com\/it\/salonicco-la-capitale-della-macedonia\/","name":"Salonicco, la capitale della Macedonia - Flegra Collection Hotels","isPartOf":{"@id":"https:\/\/www.flegracollection.com\/#website"},"primaryImageOfPage":{"@id":"https:\/\/www.flegracollection.com\/it\/salonicco-la-capitale-della-macedonia\/#primaryimage"},"image":{"@id":"https:\/\/www.flegracollection.com\/it\/salonicco-la-capitale-della-macedonia\/#primaryimage"},"thumbnailUrl":"https:\/\/www.flegracollection.com\/wp-content\/uploads\/2019\/08\/thessaloniki-white-tower.jpg","datePublished":"2020-02-29T09:55:05+00:00","dateModified":"2020-02-29T09:55:06+00:00","author":{"@id":"https:\/\/www.flegracollection.com\/#\/schema\/person\/0d4675176a6d72a9be2c985f25d73cd2"},"breadcrumb":{"@id":"https:\/\/www.flegracollection.com\/it\/salonicco-la-capitale-della-macedonia\/#breadcrumb"},"inLanguage":"it-IT","potentialAction":[{"@type":"ReadAction","target":["https:\/\/www.flegracollection.com\/it\/salonicco-la-capitale-della-macedonia\/"]}]},{"@type":"ImageObject","inLanguage":"it-IT","@id":"https:\/\/www.flegracollection.com\/it\/salonicco-la-capitale-della-macedonia\/#primaryimage","url":"https:\/\/www.flegracollection.com\/wp-content\/uploads\/2019\/08\/thessaloniki-white-tower.jpg","contentUrl":"https:\/\/www.flegracollection.com\/wp-content\/uploads\/2019\/08\/thessaloniki-white-tower.jpg","width":1000,"height":601},{"@type":"BreadcrumbList","@id":"https:\/\/www.flegracollection.com\/it\/salonicco-la-capitale-della-macedonia\/#breadcrumb","itemListElement":[{"@type":"ListItem","position":1,"name":"Home","item":"https:\/\/www.flegracollection.com\/"},{"@type":"ListItem","position":2,"name":"Salonicco, la capitale della Macedonia"}]},{"@type":"WebSite","@id":"https:\/\/www.flegracollection.com\/#website","url":"https:\/\/www.flegracollection.com\/","name":"Flegra Collection Hotels","description":"35 Years of Hospitality Hotels in Halkidiki","potentialAction":[{"@type":"SearchAction","target":{"@type":"EntryPoint","urlTemplate":"https:\/\/www.flegracollection.com\/?s={search_term_string}"},"query-input":{"@type":"PropertyValueSpecification","valueRequired":true,"valueName":"search_term_string"}}],"inLanguage":"it-IT"},{"@type":"Person","@id":"https:\/\/www.flegracollection.com\/#\/schema\/person\/0d4675176a6d72a9be2c985f25d73cd2","name":"foltopoulos","image":{"@type":"ImageObject","inLanguage":"it-IT","@id":"https:\/\/secure.gravatar.com\/avatar\/6b6b3aa3392239927e250ccd3787f5a23b5fe531404706ea18a988a461460e36?s=96&d=mm&r=g","url":"https:\/\/secure.gravatar.com\/avatar\/6b6b3aa3392239927e250ccd3787f5a23b5fe531404706ea18a988a461460e36?s=96&d=mm&r=g","contentUrl":"https:\/\/secure.gravatar.com\/avatar\/6b6b3aa3392239927e250ccd3787f5a23b5fe531404706ea18a988a461460e36?s=96&d=mm&r=g","caption":"foltopoulos"},"url":"https:\/\/www.flegracollection.com\/it\/author\/foltopoulos\/"}]}},"_links":{"self":[{"href":"https:\/\/www.flegracollection.com\/it\/wp-json\/wp\/v2\/posts\/6936","targetHints":{"allow":["GET"]}}],"collection":[{"href":"https:\/\/www.flegracollection.com\/it\/wp-json\/wp\/v2\/posts"}],"about":[{"href":"https:\/\/www.flegracollection.com\/it\/wp-json\/wp\/v2\/types\/post"}],"author":[{"embeddable":true,"href":"https:\/\/www.flegracollection.com\/it\/wp-json\/wp\/v2\/users\/2"}],"replies":[{"embeddable":true,"href":"https:\/\/www.flegracollection.com\/it\/wp-json\/wp\/v2\/comments?post=6936"}],"version-history":[{"count":0,"href":"https:\/\/www.flegracollection.com\/it\/wp-json\/wp\/v2\/posts\/6936\/revisions"}],"wp:featuredmedia":[{"embeddable":true,"href":"https:\/\/www.flegracollection.com\/it\/wp-json\/wp\/v2\/media\/6945"}],"wp:attachment":[{"href":"https:\/\/www.flegracollection.com\/it\/wp-json\/wp\/v2\/media?parent=6936"}],"wp:term":[{"taxonomy":"category","embeddable":true,"href":"https:\/\/www.flegracollection.com\/it\/wp-json\/wp\/v2\/categories?post=6936"},{"taxonomy":"post_tag","embeddable":true,"href":"https:\/\/www.flegracollection.com\/it\/wp-json\/wp\/v2\/tags?post=6936"}],"curies":[{"name":"wp","href":"https:\/\/api.w.org\/{rel}","templated":true}]}}