{"id":7805,"date":"2020-02-29T10:59:01","date_gmt":"2020-02-29T10:59:01","guid":{"rendered":"https:\/\/www.flegracollection.com\/thessalonique-la-capitale-de-la-macedoine\/"},"modified":"2020-02-29T10:59:02","modified_gmt":"2020-02-29T10:59:02","slug":"thessalonique-la-capitale-de-la-macedoine","status":"publish","type":"post","link":"https:\/\/www.flegracollection.com\/fr\/thessalonique-la-capitale-de-la-macedoine\/","title":{"rendered":"Thessalonique, la capitale de la Mac\u00e9doine"},"content":{"rendered":"\t\t<div data-elementor-type=\"wp-post\" data-elementor-id=\"7805\" class=\"elementor elementor-7805 elementor-3250\">\n\t\t\t\t\t\t<section class=\"elementor-section elementor-top-section elementor-element elementor-element-15a5c979 elementor-section-boxed elementor-section-height-default elementor-section-height-default\" data-id=\"15a5c979\" data-element_type=\"section\" data-e-type=\"section\" data-settings=\"{&quot;jet_parallax_layout_list&quot;:[{&quot;jet_parallax_layout_image&quot;:{&quot;url&quot;:&quot;&quot;,&quot;id&quot;:&quot;&quot;,&quot;size&quot;:&quot;&quot;},&quot;_id&quot;:&quot;6180ba2&quot;,&quot;jet_parallax_layout_image_tablet&quot;:{&quot;url&quot;:&quot;&quot;,&quot;id&quot;:&quot;&quot;,&quot;size&quot;:&quot;&quot;},&quot;jet_parallax_layout_image_mobile&quot;:{&quot;url&quot;:&quot;&quot;,&quot;id&quot;:&quot;&quot;,&quot;size&quot;:&quot;&quot;},&quot;jet_parallax_layout_speed&quot;:{&quot;unit&quot;:&quot;%&quot;,&quot;size&quot;:50,&quot;sizes&quot;:[]},&quot;jet_parallax_layout_type&quot;:&quot;scroll&quot;,&quot;jet_parallax_layout_direction&quot;:&quot;1&quot;,&quot;jet_parallax_layout_fx_direction&quot;:null,&quot;jet_parallax_layout_z_index&quot;:&quot;&quot;,&quot;jet_parallax_layout_bg_x&quot;:50,&quot;jet_parallax_layout_bg_y&quot;:50,&quot;jet_parallax_layout_bg_size&quot;:&quot;auto&quot;,&quot;jet_parallax_layout_animation_prop&quot;:&quot;transform&quot;,&quot;jet_parallax_layout_on&quot;:[&quot;desktop&quot;,&quot;tablet&quot;],&quot;jet_parallax_layout_bg_x_tablet&quot;:&quot;&quot;,&quot;jet_parallax_layout_bg_x_mobile&quot;:&quot;&quot;,&quot;jet_parallax_layout_bg_y_tablet&quot;:&quot;&quot;,&quot;jet_parallax_layout_bg_y_mobile&quot;:&quot;&quot;,&quot;jet_parallax_layout_bg_size_tablet&quot;:&quot;&quot;,&quot;jet_parallax_layout_bg_size_mobile&quot;:&quot;&quot;}]}\">\n\t\t\t\t\t\t<div class=\"elementor-container elementor-column-gap-default\">\n\t\t\t\t\t<div class=\"elementor-column elementor-col-100 elementor-top-column elementor-element elementor-element-78f3a42d\" data-id=\"78f3a42d\" data-element_type=\"column\" data-e-type=\"column\">\n\t\t\t<div class=\"elementor-widget-wrap elementor-element-populated\">\n\t\t\t\t\t\t<div class=\"elementor-element elementor-element-b2604cf elementor-widget elementor-widget-text-editor\" data-id=\"b2604cf\" data-element_type=\"widget\" data-e-type=\"widget\" data-widget_type=\"text-editor.default\">\n\t\t\t\t<div class=\"elementor-widget-container\">\n\t\t\t\t\t\t\t\t\t<p>Thessalonique est la deuxi\u00e8me plus grande ville de Gr\u00e8ce et la capitale de la Mac\u00e9doine, situ\u00e9e \u00e0 seulement 100 km de notre h\u00f4tel Flegra Palace. Thessalonique est le deuxi\u00e8me grand centre \u00e9conomique, industriel, commercial et politique de la Gr\u00e8ce et un centre de transport majeur pour le reste du sud-est de l&rsquo;Europe. La ville est r\u00e9put\u00e9e pour ses festivals, ses \u00e9v\u00e9nements et sa vie culturelle dynamique en g\u00e9n\u00e9ral, et est consid\u00e9r\u00e9e comme la capitale culturelle de la Gr\u00e8ce. Des \u00e9v\u00e9nements tels que le Festival international du film de Thessalonique ont lieu chaque ann\u00e9e. Thessalonique \u00e9tait la capitale europ\u00e9enne de la jeunesse 2014. Parmi les sites les plus int\u00e9ressants de la ville, vous pouvez visiter la Tour Blanche, les ch\u00e2teaux, le mus\u00e9e arch\u00e9ologique et l&rsquo;\u00e9glise Saint-D\u00e9m\u00e9trius, tandis que vous pourrez \u00e9galement profiter du march\u00e9 riche. Voir plus: www.thessaloniki.gr<\/p>\n<p>Information additionnelle: <a href=\"http:\/\/www.thessaloniki.gr\" target=\"_blank\" rel=\"noopener\">ici<\/a><\/p>\n\t\t\t\t\t\t\t\t<\/div>\n\t\t\t\t<\/div>\n\t\t\t\t\t<\/div>\n\t\t<\/div>\n\t\t\t\t\t<\/div>\n\t\t<\/section>\n\t\t\t\t<\/div>\n\t\t","protected":false},"excerpt":{"rendered":"<p>Thessalonique est la deuxi\u00e8me plus grande ville de Gr\u00e8ce et la capitale de la Mac\u00e9doine, situ\u00e9e \u00e0 seulement 100 km de notre h\u00f4tel Flegra Palace. Thessalonique est le deuxi\u00e8me grand centre \u00e9conomique, industriel, commercial et politique de la Gr\u00e8ce et un centre de transport majeur pour le reste du sud-est de l&rsquo;Europe. La ville est [&hellip;]<\/p>\n","protected":false},"author":2,"featured_media":7814,"comment_status":"open","ping_status":"closed","sticky":false,"template":"","format":"standard","meta":{"_acf_changed":false,"footnotes":""},"categories":[164],"tags":[],"class_list":["post-7805","post","type-post","status-publish","format-standard","has-post-thumbnail","hentry","category-histoire-et-culture-de-halkidiki"],"acf":[],"yoast_head":"<!-- This site is optimized with the Yoast SEO plugin v27.4 - https:\/\/yoast.com\/product\/yoast-seo-wordpress\/ -->\n<title>Thessalonique, la capitale de la Mac\u00e9doine - Flegra Collection Hotels<\/title>\n<meta name=\"robots\" content=\"index, follow, max-snippet:-1, max-image-preview:large, max-video-preview:-1\" \/>\n<link rel=\"canonical\" href=\"https:\/\/www.flegracollection.com\/fr\/thessalonique-la-capitale-de-la-macedoine\/\" \/>\n<meta property=\"og:locale\" content=\"fr_FR\" \/>\n<meta property=\"og:type\" content=\"article\" \/>\n<meta property=\"og:title\" content=\"Thessalonique, la capitale de la Mac\u00e9doine - Flegra Collection Hotels\" \/>\n<meta property=\"og:description\" content=\"Thessalonique est la deuxi\u00e8me plus grande ville de Gr\u00e8ce et la capitale de la Mac\u00e9doine, situ\u00e9e \u00e0 seulement 100 km de notre h\u00f4tel Flegra Palace. Thessalonique est le deuxi\u00e8me grand centre \u00e9conomique, industriel, commercial et politique de la Gr\u00e8ce et un centre de transport majeur pour le reste du sud-est de l&rsquo;Europe. La ville est [&hellip;]\" \/>\n<meta property=\"og:url\" content=\"https:\/\/www.flegracollection.com\/fr\/thessalonique-la-capitale-de-la-macedoine\/\" \/>\n<meta property=\"og:site_name\" content=\"Flegra Collection Hotels\" \/>\n<meta property=\"article:published_time\" content=\"2020-02-29T10:59:01+00:00\" \/>\n<meta property=\"article:modified_time\" content=\"2020-02-29T10:59:02+00:00\" \/>\n<meta property=\"og:image\" content=\"https:\/\/www.flegracollection.com\/wp-content\/uploads\/2019\/08\/thessaloniki-white-tower.jpg\" \/>\n\t<meta property=\"og:image:width\" content=\"1000\" \/>\n\t<meta property=\"og:image:height\" content=\"601\" \/>\n\t<meta property=\"og:image:type\" content=\"image\/jpeg\" \/>\n<meta name=\"author\" content=\"foltopoulos\" \/>\n<meta name=\"twitter:card\" content=\"summary_large_image\" \/>\n<meta name=\"twitter:label1\" content=\"\u00c9crit par\" \/>\n\t<meta name=\"twitter:data1\" content=\"foltopoulos\" \/>\n\t<meta name=\"twitter:label2\" content=\"Dur\u00e9e de lecture estim\u00e9e\" \/>\n\t<meta name=\"twitter:data2\" content=\"1 minute\" \/>\n<script type=\"application\/ld+json\" class=\"yoast-schema-graph\">{\"@context\":\"https:\\\/\\\/schema.org\",\"@graph\":[{\"@type\":\"Article\",\"@id\":\"https:\\\/\\\/www.flegracollection.com\\\/fr\\\/thessalonique-la-capitale-de-la-macedoine\\\/#article\",\"isPartOf\":{\"@id\":\"https:\\\/\\\/www.flegracollection.com\\\/fr\\\/thessalonique-la-capitale-de-la-macedoine\\\/\"},\"author\":{\"name\":\"foltopoulos\",\"@id\":\"https:\\\/\\\/www.flegracollection.com\\\/#\\\/schema\\\/person\\\/0d4675176a6d72a9be2c985f25d73cd2\"},\"headline\":\"Thessalonique, la capitale de la Mac\u00e9doine\",\"datePublished\":\"2020-02-29T10:59:01+00:00\",\"dateModified\":\"2020-02-29T10:59:02+00:00\",\"mainEntityOfPage\":{\"@id\":\"https:\\\/\\\/www.flegracollection.com\\\/fr\\\/thessalonique-la-capitale-de-la-macedoine\\\/\"},\"wordCount\":172,\"commentCount\":0,\"image\":{\"@id\":\"https:\\\/\\\/www.flegracollection.com\\\/fr\\\/thessalonique-la-capitale-de-la-macedoine\\\/#primaryimage\"},\"thumbnailUrl\":\"https:\\\/\\\/www.flegracollection.com\\\/wp-content\\\/uploads\\\/2019\\\/08\\\/thessaloniki-white-tower.jpg\",\"articleSection\":[\"Histoire et culture de Halkidiki\"],\"inLanguage\":\"fr-FR\"},{\"@type\":\"WebPage\",\"@id\":\"https:\\\/\\\/www.flegracollection.com\\\/fr\\\/thessalonique-la-capitale-de-la-macedoine\\\/\",\"url\":\"https:\\\/\\\/www.flegracollection.com\\\/fr\\\/thessalonique-la-capitale-de-la-macedoine\\\/\",\"name\":\"Thessalonique, la capitale de la Mac\u00e9doine - Flegra Collection Hotels\",\"isPartOf\":{\"@id\":\"https:\\\/\\\/www.flegracollection.com\\\/#website\"},\"primaryImageOfPage\":{\"@id\":\"https:\\\/\\\/www.flegracollection.com\\\/fr\\\/thessalonique-la-capitale-de-la-macedoine\\\/#primaryimage\"},\"image\":{\"@id\":\"https:\\\/\\\/www.flegracollection.com\\\/fr\\\/thessalonique-la-capitale-de-la-macedoine\\\/#primaryimage\"},\"thumbnailUrl\":\"https:\\\/\\\/www.flegracollection.com\\\/wp-content\\\/uploads\\\/2019\\\/08\\\/thessaloniki-white-tower.jpg\",\"datePublished\":\"2020-02-29T10:59:01+00:00\",\"dateModified\":\"2020-02-29T10:59:02+00:00\",\"author\":{\"@id\":\"https:\\\/\\\/www.flegracollection.com\\\/#\\\/schema\\\/person\\\/0d4675176a6d72a9be2c985f25d73cd2\"},\"breadcrumb\":{\"@id\":\"https:\\\/\\\/www.flegracollection.com\\\/fr\\\/thessalonique-la-capitale-de-la-macedoine\\\/#breadcrumb\"},\"inLanguage\":\"fr-FR\",\"potentialAction\":[{\"@type\":\"ReadAction\",\"target\":[\"https:\\\/\\\/www.flegracollection.com\\\/fr\\\/thessalonique-la-capitale-de-la-macedoine\\\/\"]}]},{\"@type\":\"ImageObject\",\"inLanguage\":\"fr-FR\",\"@id\":\"https:\\\/\\\/www.flegracollection.com\\\/fr\\\/thessalonique-la-capitale-de-la-macedoine\\\/#primaryimage\",\"url\":\"https:\\\/\\\/www.flegracollection.com\\\/wp-content\\\/uploads\\\/2019\\\/08\\\/thessaloniki-white-tower.jpg\",\"contentUrl\":\"https:\\\/\\\/www.flegracollection.com\\\/wp-content\\\/uploads\\\/2019\\\/08\\\/thessaloniki-white-tower.jpg\",\"width\":1000,\"height\":601},{\"@type\":\"BreadcrumbList\",\"@id\":\"https:\\\/\\\/www.flegracollection.com\\\/fr\\\/thessalonique-la-capitale-de-la-macedoine\\\/#breadcrumb\",\"itemListElement\":[{\"@type\":\"ListItem\",\"position\":1,\"name\":\"Home\",\"item\":\"https:\\\/\\\/www.flegracollection.com\\\/\"},{\"@type\":\"ListItem\",\"position\":2,\"name\":\"Thessalonique, la capitale de la Mac\u00e9doine\"}]},{\"@type\":\"WebSite\",\"@id\":\"https:\\\/\\\/www.flegracollection.com\\\/#website\",\"url\":\"https:\\\/\\\/www.flegracollection.com\\\/\",\"name\":\"Flegra Collection Hotels\",\"description\":\"35 Years of Hospitality Hotels in Halkidiki\",\"potentialAction\":[{\"@type\":\"SearchAction\",\"target\":{\"@type\":\"EntryPoint\",\"urlTemplate\":\"https:\\\/\\\/www.flegracollection.com\\\/?s={search_term_string}\"},\"query-input\":{\"@type\":\"PropertyValueSpecification\",\"valueRequired\":true,\"valueName\":\"search_term_string\"}}],\"inLanguage\":\"fr-FR\"},{\"@type\":\"Person\",\"@id\":\"https:\\\/\\\/www.flegracollection.com\\\/#\\\/schema\\\/person\\\/0d4675176a6d72a9be2c985f25d73cd2\",\"name\":\"foltopoulos\",\"image\":{\"@type\":\"ImageObject\",\"inLanguage\":\"fr-FR\",\"@id\":\"https:\\\/\\\/secure.gravatar.com\\\/avatar\\\/6b6b3aa3392239927e250ccd3787f5a23b5fe531404706ea18a988a461460e36?s=96&d=mm&r=g\",\"url\":\"https:\\\/\\\/secure.gravatar.com\\\/avatar\\\/6b6b3aa3392239927e250ccd3787f5a23b5fe531404706ea18a988a461460e36?s=96&d=mm&r=g\",\"contentUrl\":\"https:\\\/\\\/secure.gravatar.com\\\/avatar\\\/6b6b3aa3392239927e250ccd3787f5a23b5fe531404706ea18a988a461460e36?s=96&d=mm&r=g\",\"caption\":\"foltopoulos\"},\"url\":\"https:\\\/\\\/www.flegracollection.com\\\/fr\\\/author\\\/foltopoulos\\\/\"}]}<\/script>\n<!-- \/ Yoast SEO plugin. -->","yoast_head_json":{"title":"Thessalonique, la capitale de la Mac\u00e9doine - Flegra Collection Hotels","robots":{"index":"index","follow":"follow","max-snippet":"max-snippet:-1","max-image-preview":"max-image-preview:large","max-video-preview":"max-video-preview:-1"},"canonical":"https:\/\/www.flegracollection.com\/fr\/thessalonique-la-capitale-de-la-macedoine\/","og_locale":"fr_FR","og_type":"article","og_title":"Thessalonique, la capitale de la Mac\u00e9doine - Flegra Collection Hotels","og_description":"Thessalonique est la deuxi\u00e8me plus grande ville de Gr\u00e8ce et la capitale de la Mac\u00e9doine, situ\u00e9e \u00e0 seulement 100 km de notre h\u00f4tel Flegra Palace. Thessalonique est le deuxi\u00e8me grand centre \u00e9conomique, industriel, commercial et politique de la Gr\u00e8ce et un centre de transport majeur pour le reste du sud-est de l&rsquo;Europe. La ville est [&hellip;]","og_url":"https:\/\/www.flegracollection.com\/fr\/thessalonique-la-capitale-de-la-macedoine\/","og_site_name":"Flegra Collection Hotels","article_published_time":"2020-02-29T10:59:01+00:00","article_modified_time":"2020-02-29T10:59:02+00:00","og_image":[{"width":1000,"height":601,"url":"https:\/\/www.flegracollection.com\/wp-content\/uploads\/2019\/08\/thessaloniki-white-tower.jpg","type":"image\/jpeg"}],"author":"foltopoulos","twitter_card":"summary_large_image","twitter_misc":{"\u00c9crit par":"foltopoulos","Dur\u00e9e de lecture estim\u00e9e":"1 minute"},"schema":{"@context":"https:\/\/schema.org","@graph":[{"@type":"Article","@id":"https:\/\/www.flegracollection.com\/fr\/thessalonique-la-capitale-de-la-macedoine\/#article","isPartOf":{"@id":"https:\/\/www.flegracollection.com\/fr\/thessalonique-la-capitale-de-la-macedoine\/"},"author":{"name":"foltopoulos","@id":"https:\/\/www.flegracollection.com\/#\/schema\/person\/0d4675176a6d72a9be2c985f25d73cd2"},"headline":"Thessalonique, la capitale de la Mac\u00e9doine","datePublished":"2020-02-29T10:59:01+00:00","dateModified":"2020-02-29T10:59:02+00:00","mainEntityOfPage":{"@id":"https:\/\/www.flegracollection.com\/fr\/thessalonique-la-capitale-de-la-macedoine\/"},"wordCount":172,"commentCount":0,"image":{"@id":"https:\/\/www.flegracollection.com\/fr\/thessalonique-la-capitale-de-la-macedoine\/#primaryimage"},"thumbnailUrl":"https:\/\/www.flegracollection.com\/wp-content\/uploads\/2019\/08\/thessaloniki-white-tower.jpg","articleSection":["Histoire et culture de Halkidiki"],"inLanguage":"fr-FR"},{"@type":"WebPage","@id":"https:\/\/www.flegracollection.com\/fr\/thessalonique-la-capitale-de-la-macedoine\/","url":"https:\/\/www.flegracollection.com\/fr\/thessalonique-la-capitale-de-la-macedoine\/","name":"Thessalonique, la capitale de la Mac\u00e9doine - Flegra Collection Hotels","isPartOf":{"@id":"https:\/\/www.flegracollection.com\/#website"},"primaryImageOfPage":{"@id":"https:\/\/www.flegracollection.com\/fr\/thessalonique-la-capitale-de-la-macedoine\/#primaryimage"},"image":{"@id":"https:\/\/www.flegracollection.com\/fr\/thessalonique-la-capitale-de-la-macedoine\/#primaryimage"},"thumbnailUrl":"https:\/\/www.flegracollection.com\/wp-content\/uploads\/2019\/08\/thessaloniki-white-tower.jpg","datePublished":"2020-02-29T10:59:01+00:00","dateModified":"2020-02-29T10:59:02+00:00","author":{"@id":"https:\/\/www.flegracollection.com\/#\/schema\/person\/0d4675176a6d72a9be2c985f25d73cd2"},"breadcrumb":{"@id":"https:\/\/www.flegracollection.com\/fr\/thessalonique-la-capitale-de-la-macedoine\/#breadcrumb"},"inLanguage":"fr-FR","potentialAction":[{"@type":"ReadAction","target":["https:\/\/www.flegracollection.com\/fr\/thessalonique-la-capitale-de-la-macedoine\/"]}]},{"@type":"ImageObject","inLanguage":"fr-FR","@id":"https:\/\/www.flegracollection.com\/fr\/thessalonique-la-capitale-de-la-macedoine\/#primaryimage","url":"https:\/\/www.flegracollection.com\/wp-content\/uploads\/2019\/08\/thessaloniki-white-tower.jpg","contentUrl":"https:\/\/www.flegracollection.com\/wp-content\/uploads\/2019\/08\/thessaloniki-white-tower.jpg","width":1000,"height":601},{"@type":"BreadcrumbList","@id":"https:\/\/www.flegracollection.com\/fr\/thessalonique-la-capitale-de-la-macedoine\/#breadcrumb","itemListElement":[{"@type":"ListItem","position":1,"name":"Home","item":"https:\/\/www.flegracollection.com\/"},{"@type":"ListItem","position":2,"name":"Thessalonique, la capitale de la Mac\u00e9doine"}]},{"@type":"WebSite","@id":"https:\/\/www.flegracollection.com\/#website","url":"https:\/\/www.flegracollection.com\/","name":"Flegra Collection Hotels","description":"35 Years of Hospitality Hotels in Halkidiki","potentialAction":[{"@type":"SearchAction","target":{"@type":"EntryPoint","urlTemplate":"https:\/\/www.flegracollection.com\/?s={search_term_string}"},"query-input":{"@type":"PropertyValueSpecification","valueRequired":true,"valueName":"search_term_string"}}],"inLanguage":"fr-FR"},{"@type":"Person","@id":"https:\/\/www.flegracollection.com\/#\/schema\/person\/0d4675176a6d72a9be2c985f25d73cd2","name":"foltopoulos","image":{"@type":"ImageObject","inLanguage":"fr-FR","@id":"https:\/\/secure.gravatar.com\/avatar\/6b6b3aa3392239927e250ccd3787f5a23b5fe531404706ea18a988a461460e36?s=96&d=mm&r=g","url":"https:\/\/secure.gravatar.com\/avatar\/6b6b3aa3392239927e250ccd3787f5a23b5fe531404706ea18a988a461460e36?s=96&d=mm&r=g","contentUrl":"https:\/\/secure.gravatar.com\/avatar\/6b6b3aa3392239927e250ccd3787f5a23b5fe531404706ea18a988a461460e36?s=96&d=mm&r=g","caption":"foltopoulos"},"url":"https:\/\/www.flegracollection.com\/fr\/author\/foltopoulos\/"}]}},"_links":{"self":[{"href":"https:\/\/www.flegracollection.com\/fr\/wp-json\/wp\/v2\/posts\/7805","targetHints":{"allow":["GET"]}}],"collection":[{"href":"https:\/\/www.flegracollection.com\/fr\/wp-json\/wp\/v2\/posts"}],"about":[{"href":"https:\/\/www.flegracollection.com\/fr\/wp-json\/wp\/v2\/types\/post"}],"author":[{"embeddable":true,"href":"https:\/\/www.flegracollection.com\/fr\/wp-json\/wp\/v2\/users\/2"}],"replies":[{"embeddable":true,"href":"https:\/\/www.flegracollection.com\/fr\/wp-json\/wp\/v2\/comments?post=7805"}],"version-history":[{"count":0,"href":"https:\/\/www.flegracollection.com\/fr\/wp-json\/wp\/v2\/posts\/7805\/revisions"}],"wp:featuredmedia":[{"embeddable":true,"href":"https:\/\/www.flegracollection.com\/fr\/wp-json\/wp\/v2\/media\/7814"}],"wp:attachment":[{"href":"https:\/\/www.flegracollection.com\/fr\/wp-json\/wp\/v2\/media?parent=7805"}],"wp:term":[{"taxonomy":"category","embeddable":true,"href":"https:\/\/www.flegracollection.com\/fr\/wp-json\/wp\/v2\/categories?post=7805"},{"taxonomy":"post_tag","embeddable":true,"href":"https:\/\/www.flegracollection.com\/fr\/wp-json\/wp\/v2\/tags?post=7805"}],"curies":[{"name":"wp","href":"https:\/\/api.w.org\/{rel}","templated":true}]}}